{"id":1721,"date":"2017-06-20T05:55:50","date_gmt":"2017-06-20T05:55:50","guid":{"rendered":"https:\/\/egretnews.com\/new\/?p=1721"},"modified":"2017-07-13T14:46:50","modified_gmt":"2017-07-13T14:46:50","slug":"rwanda-sa-majeste-kigeli-v-roi-sans-royaume","status":"publish","type":"post","link":"https:\/\/egretnews.com\/index.php\/2017\/06\/20\/rwanda-sa-majeste-kigeli-v-roi-sans-royaume\/","title":{"rendered":"Rwanda : Sa Majest\u00e9 Kigeli V, roi sans royaume."},"content":{"rendered":"<p style=\"margin-bottom: 0.0001pt; vertical-align: baseline;\"><span style=\"font-size: 23pt; font-family: Tahoma, sans-serif; color: #610b0c;\"><span style=\"font-size: 14.5pt; color: #c10418;\"><a href=\"http:\/\/www.jeuneafrique.com\/Article\/JA2799p032.xml0\/rwanda-tutsi-hutu-paul-kagamerwanda-sa-majeste-kigeli-v-roi-sans-royaume.html\">Rwanda : Sa Majest\u00e9 Kigeli V, roi sans royaume<\/a>.<\/span><\/span><\/p>\n<p class=\"chapo\" style=\"margin: 0in 0in 15pt; text-align: justify; line-height: 13.5pt; vertical-align: baseline;\"><b><span style=\"font-size: 9pt; font-family: Tahoma, sans-serif;\">Il est le dernier monarque du pays des Mille Collines. En exil depuis plus de cinquante ans, Sa Majest\u00e9 Kigeli\u00a0V n&#8217;a toujours pas renonc\u00e9 \u00e0 revenir un jour sur sa terre natale.<\/span><\/b><\/p>\n<hr id=\"system-readmore\" class=\"mceItemReadMore\" \/>\n<p style=\"margin: 0in 0in 7.5pt; text-align: justify; line-height: 13.5pt; vertical-align: baseline; outline: 0px;\"><span style=\"font-size: 9pt; font-family: Tahoma, sans-serif;\">C&#8217;est un lotissement typique des banlieues am\u00e9ricaines dans la lointaine p\u00e9riph\u00e9rie de Washington. Les maisons n&#8217;y sont pas mis\u00e9rables, mais pas luxueuses non plus. Rien, en tout cas, ne laisse penser que le dernier monarque d&#8217;une dynastie multis\u00e9culaire habite ici. La petite ville d&#8217;Oakton, en Virginie, o\u00f9 r\u00e9side Kigeli\u00a0V, l&#8217;ancien roi du Rwanda, est l&#8217;\u00e9tape finale d&#8217;une longue errance commenc\u00e9e il y a un demi-si\u00e8cle.<\/span><\/p>\n<p style=\"margin: 0in 0in 7.5pt; text-align: justify; line-height: 13.5pt; vertical-align: baseline; outline: 0px;\"><span style=\"font-size: 9pt; font-family: Tahoma, sans-serif;\">Mais impossible pour nous de p\u00e9n\u00e9trer dans sa demeure. &#8220;Le roi n&#8217;accorde plus d&#8217;audiences aux journalistes jusqu&#8217;\u00e0 nouvel ordre.&#8221; L&#8217;homme qui nous oppose une fin de non-recevoir, dans ce lobby de l&#8217;h\u00f4tel Marriott d&#8217;une zone commerciale peu fr\u00e9quent\u00e9e, en cette moite journ\u00e9e d&#8217;ao\u00fbt, est son &#8220;chancelier&#8221;, Boniface Benzinge. Ce colosse, bien portant malgr\u00e9 son \u00e2ge avanc\u00e9 (80\u00a0ans), a laiss\u00e9 au Kenya femme et enfant pour suivre et servir son souverain.<\/span><\/p>\n<p style=\"margin: 0in 0in 7.5pt; text-align: justify; line-height: 13.5pt; vertical-align: baseline; outline: 0px;\"><span style=\"font-size: 9pt; font-family: Tahoma, sans-serif;\">Sur les raisons du refus royal, Benzinge restera \u00e9vasif. Le roi, un homme de 78\u00a0ans \u00e0 la taille hors norme, a-t-il une sant\u00e9 fragile ? &#8220;Non. Il est parfois fatigu\u00e9, bien s\u00fbr, mais il se maintient, r\u00e9pond le chancelier. Il continue de faire de l&#8217;exercice physique. C&#8217;est qu&#8217;il est trop occup\u00e9 avec sa fondation.&#8221;<\/span><\/p>\n<p style=\"margin: 0in 0in 7.5pt; text-align: justify; line-height: 13.5pt; vertical-align: baseline; outline: 0px;\"><span style=\"font-size: 9pt; font-family: Tahoma, sans-serif;\">Il n&#8217;emp\u00eache, en 2013, Kigeli\u00a0V s&#8217;\u00e9tait longuement confi\u00e9 au journaliste am\u00e9ricain Ariel Sabar. Mais l&#8217;article, paru dans le<span class=\"apple-converted-space\">\u00a0<\/span><em><span style=\"font-family: Tahoma, sans-serif;\">Washingtonian Magazine<\/span><\/em>, d\u00e9taillait sa passion pour les retransmissions de catch \u00e0 la t\u00e9l\u00e9vision, ou encore les dialyses qu&#8217;il devait subir r\u00e9guli\u00e8rement. Il a fortement d\u00e9plu au monarque. D&#8217;o\u00f9, peut-\u00eatre, sa m\u00e9fiance \u00e0 l&#8217;\u00e9gard de la presse. &#8220;Le journaliste n&#8217;a pas respect\u00e9 la vie priv\u00e9e du roi, s&#8217;indigne Benzinge. Il a \u00e9crit des choses qu&#8217;on ne doit pas publier !&#8221; L&#8217;autorit\u00e9 du mwami a d\u00e9cid\u00e9ment perdu de sa\u00a0superbe.<\/span><\/p>\n<p style=\"margin: 0in 0in 7.5pt; text-align: justify; line-height: 13.5pt; vertical-align: baseline; outline: 0px;\"><span style=\"font-size: 9pt; font-family: Tahoma, sans-serif;\">En r\u00e9alit\u00e9, le souverain n&#8217;a jamais v\u00e9ritablement connu d&#8217;heure de gloire. Le tr\u00f4ne du Rwanda, dont il a h\u00e9rit\u00e9 en 1959, n&#8217;\u00e9tait d\u00e9j\u00e0 plus la monarchie absolue au territoire imp\u00e9n\u00e9trable telle que d\u00e9crite par les premiers explorateurs de la r\u00e9gion. Pour administrer le pays, les colonisateurs (allemands, puis belges) se sont appuy\u00e9s sur l&#8217;aristocratie tutsie tout en affaiblissant son emprise. Et Kigeli\u00a0V n&#8217;a eu le temps ni de se pr\u00e9parer \u00e0 la fonction, ni de laisser sa trace dans le pays des Mille Collines.<\/span><\/p>\n<p style=\"margin: 0in 0in 7.5pt; text-align: justify; line-height: 13.5pt; vertical-align: baseline; outline: 0px;\"><b><span style=\"font-size: 9pt; font-family: Tahoma, sans-serif;\"><img loading=\"lazy\" decoding=\"async\" style=\"float: left;\" src=\"\/images\/Sa%20Majeste.jpg\" width=\"150\" height=\"132\" \/><\/span><\/b><\/p>\n<p style=\"margin: 0in 0in 7.5pt; text-align: justify; line-height: 13.5pt; vertical-align: baseline; outline: 0px;\">\n<p style=\"margin: 0in 0in 7.5pt; text-align: justify; line-height: 13.5pt; vertical-align: baseline; outline: 0px;\">\n<p style=\"margin: 0in 0in 7.5pt; text-align: justify; line-height: 13.5pt; vertical-align: baseline; outline: 0px;\">\n<p style=\"margin: 0in 0in 7.5pt; text-align: justify; line-height: 13.5pt; vertical-align: baseline; outline: 0px;\">\n<p style=\"margin: 0in 0in 7.5pt; text-align: justify; line-height: 13.5pt; vertical-align: baseline; outline: 0px;\"><strong><span style=\"font-size: 9pt; font-family: Tahoma, sans-serif;\">Persona non grata dans son propre pays<\/span><\/strong><\/p>\n<p style=\"margin: 0in 0in 7.5pt; text-align: justify; line-height: 13.5pt; vertical-align: baseline; outline: 0px;\"><span style=\"font-size: 9pt; font-family: Tahoma, sans-serif;\">Son demi-fr\u00e8re Mutara\u00a0III meurt myst\u00e9rieusement en juillet\u00a01959 \u00e0 l&#8217;\u00e2ge de 47\u00a0ans (il aurait \u00e9t\u00e9 victime d&#8217;un empoisonnement commandit\u00e9 par les Belges, selon de nombreux Rwandais) sans laisser d&#8217;h\u00e9ritier. Conform\u00e9ment \u00e0 la tradition en pareil cas, les Birus, un groupe secret poss\u00e9dant le pouvoir de nommer un nouveau roi, d\u00e9signent Jean-Baptiste Ndahindurwa (son nom de bapt\u00eame) pour lui succ\u00e9der. Fonctionnaire de l&#8217;administration belge, celui-ci n&#8217;a alors que 23\u00a0ans. &#8220;Cela a \u00e9t\u00e9 un choc pour lui, affirme Benzinge. Il ne s&#8217;y attendait pas du tout.&#8221; Sur certaines vieilles photos en noir et blanc, on peut voir le jeune souverain aux c\u00f4t\u00e9s du roi Baudouin de Belgique &#8211;\u00a0et le d\u00e9passant de plus d&#8217;une t\u00eate.<\/span><\/p>\n<p style=\"margin: 0in 0in 7.5pt; text-align: justify; line-height: 13.5pt; vertical-align: baseline; outline: 0px;\"><span style=\"font-size: 9pt; font-family: Tahoma, sans-serif;\">\u00c0 cette \u00e9poque, la r\u00e9volte hutue gronde d\u00e9j\u00e0 et Bruxelles, agac\u00e9 par la pr\u00e9tention de l&#8217;aristocratie tutsie \u00e0 diriger le pays, ne fait rien pour la calmer. Le r\u00e8gne de Kigeli\u00a0V commen\u00e7ait sous le signe de la pr\u00e9carit\u00e9.<\/span><\/p>\n<p style=\"margin: 0in 0in 0.0001pt; text-align: justify; line-height: 13.5pt; vertical-align: baseline; outline: 0px;\"><span style=\"font-size: 9pt; font-family: Tahoma, sans-serif;\">En janvier\u00a01961, Kigeli d\u00e9cide de se rendre \u00e0 L\u00e9opoldville (aujourd&#8217;hui Kinshasa), la capitale du Congo nouvellement ind\u00e9pendant, pour solliciter l&#8217;aide du<span class=\"apple-converted-space\">\u00a0<\/span><a style=\"outline: 0px; font-style: inherit;\" href=\"http:\/\/www.jeuneafrique.com\/Article\/ARTJAWEB20130910081843\/\" target=\"_blank\"><span style=\"color: #c10418; border: 1pt none windowtext; padding: 0in; text-decoration: none;\">Su\u00e9dois Dag Hammarskj\u00f6ld<\/span><\/a>, alors secr\u00e9taire g\u00e9n\u00e9ral de l&#8217;ONU et anticolonialiste visc\u00e9ral. Les colons belges acceptent de lui donner un passeport. Mais \u00e0 peine arriv\u00e9, il apprend \u00e0 la radio qu&#8217;il est persona non grata dans son propre pays, apr\u00e8s \u00e0 peine plus d&#8217;un an de r\u00e8gne.<\/span><\/p>\n<p style=\"margin: 0in 0in 7.5pt; text-align: justify; line-height: 13.5pt; vertical-align: baseline; outline: 0px;\"><span style=\"font-size: 9pt; font-family: Tahoma, sans-serif;\">Kigeli\u00a0V plaide sa cause en \u00e9crivant au Conseil de s\u00e9curit\u00e9 de l&#8217;ONU. En vain. Le Rwanda est sur le point de devenir ind\u00e9pendant. Il y rentre clandestinement, cach\u00e9 \u00e0 l&#8217;arri\u00e8re d&#8217;une voiture, mais les Belges le placent en r\u00e9sidence surveill\u00e9e avant de le renvoyer vers la Tanzanie de Julius Nyerere. Il avait foul\u00e9 sa terre natale pour la derni\u00e8re fois.<\/span><\/p>\n<p style=\"margin: 0in 0in 7.5pt; text-align: justify; line-height: 13.5pt; vertical-align: baseline; outline: 0px;\"><span style=\"font-size: 9pt; font-family: Tahoma, sans-serif;\">Pendant les trois d\u00e9cennies suivantes, Kigeli errera en Afrique de l&#8217;Est, d\u00e9pendant de la g\u00e9n\u00e9rosit\u00e9 des Tutsis (qui s&#8217;exilent en vagues successives, fuyant les pogroms du r\u00e9gime hutu de Gr\u00e9goire Kayibanda) et des chefs d&#8217;\u00c9tat qui veulent bien l&#8217;accueillir, comme le K\u00e9nyan Jomo Kenyatta ou l&#8217;Ougandais Idi Amin Dada. Aujourd&#8217;hui encore, le roi d\u00e9chu vit des maigres aides sociales am\u00e9ricaines et des dons d&#8217;une partie de la diaspora. Il ne peut d&#8217;ailleurs pas subvenir aux besoins de son chancelier, qui travaille encore comme vendeur au rayon ameublement de l&#8217;enseigne Sears, en attendant la retraite.<\/span><\/p>\n<p style=\"margin: 0in 0in 0.0001pt; text-align: justify; line-height: 13.5pt; vertical-align: baseline; outline: 0px;\"><span style=\"font-size: 9pt; font-family: Tahoma, sans-serif;\">Dans les ann\u00e9es 1980, Kigeli a toujours l&#8217;espoir d&#8217;un retour. Surtout quand, en 1986, Kampala est pris par<span class=\"apple-converted-space\">\u00a0<\/span><a style=\"outline: 0px; font-style: inherit;\" href=\"http:\/\/www.jeuneafrique.com\/tags\/1122\/\" target=\"_blank\"><span style=\"color: #c10418; border: 1pt none windowtext; padding: 0in; text-decoration: none;\">Yoweri Museveni<\/span><\/a>, le chef du Mouvement national de la r\u00e9sistance (MNR), une gu\u00e9rilla marxiste puissamment soutenue par les r\u00e9fugi\u00e9s tutsis rwandais. Parmi eux : Paul Kagam\u00e9. Mais Kigeli n&#8217;ira pas s&#8217;installer aupr\u00e8s de ses compatriotes, qui se fixent en Ouganda. &#8220;Museveni n&#8217;\u00e9tait pas en faveur de la royaut\u00e9&#8221;, explique Benzinge.<\/span><\/p>\n<p style=\"margin: 0in 0in 0.0001pt; text-align: justify; line-height: 13.5pt; vertical-align: baseline; outline: 0px;\"><span style=\"font-size: 9pt; font-family: Tahoma, sans-serif;\">R\u00e9volutionnaires marxistes contre monarchistes&#8230; Ce clivage id\u00e9ologique divise profond\u00e9ment la diaspora \u00adtutsie depuis des d\u00e9cennies. Mais le Front patriotique rwandais (FPR), fond\u00e9 l&#8217;ann\u00e9e suivante dans la clandestinit\u00e9, r\u00e9ussit \u00e0 former une union sacr\u00e9e contre le r\u00e9gime de<span class=\"apple-converted-space\">\u00a0<\/span><a style=\"outline: 0px; font-style: inherit;\" href=\"http:\/\/www.jeuneafrique.com\/Article\/ARTJAWEB20120110133817\/\" target=\"_blank\"><span style=\"color: #c10418; border: 1pt none windowtext; padding: 0in; text-decoration: none;\">Juv\u00e9nal Habyarimana<\/span><\/a>, le pr\u00e9sident hutu au pouvoir \u00e0 Kigali. Cette r\u00e9bellion fera le choix de mettre la querelle id\u00e9ologique de c\u00f4t\u00e9 pour s&#8217;ouvrir au recrutement des monarchistes, encore nombreux.<\/span><\/p>\n<p style=\"margin: 0in 0in 7.5pt; text-align: justify; line-height: 13.5pt; vertical-align: baseline; outline: 0px;\"><span style=\"font-size: 9pt; font-family: Tahoma, sans-serif;\">&#8220;Les Rwandais \u00e9taient d\u00e9j\u00e0 suffisamment divis\u00e9s comme \u00e7a, explique Tito Rutaremara, un des fondateurs du FPR et toujours membre de ses plus hautes instances dirigeantes. \u00c0 titre personnel, j&#8217;ai toujours \u00e9t\u00e9 r\u00e9publicain. Mais nous disions aux monarchistes : &#8220;La forme du gouvernement nous importe peu. Ce qui compte, c&#8217;est d&#8217;installer la d\u00e9mocratie. Si ensuite vous mobilisez les Rwandais et gagnez un r\u00e9f\u00e9rendum, nous n&#8217;aurons aucun probl\u00e8me avec une monarchie, du moment qu&#8217;elle est d\u00e9mocratique et progressiste.&#8221;&#8221;<\/span><\/p>\n<p style=\"margin: 0in 0in 7.5pt; text-align: justify; line-height: 13.5pt; vertical-align: baseline; outline: 0px;\"><span style=\"font-size: 9pt; font-family: Tahoma, sans-serif;\">&#8220;Fred Rwigema [le premier chef du FPR, tu\u00e9 au front en 1990] et le roi avaient de bonnes relations, affirme de son c\u00f4t\u00e9 Benzinge. Il est m\u00eame venu voir Sa Majest\u00e9 plusieurs fois \u00e0 Nairobi, o\u00f9 celle-ci avait trouv\u00e9 refuge.&#8221;<\/span><\/p>\n<p style=\"margin: 0in 0in 7.5pt; text-align: justify; line-height: 13.5pt; vertical-align: baseline; outline: 0px;\"><strong><span style=\"font-size: 9pt; font-family: Tahoma, sans-serif;\">Kagam\u00e9 n&#8217;a aucun int\u00e9r\u00eat \u00e0 s&#8217;embarrasser d&#8217;un ancien roi<\/span><\/strong><\/p>\n<p style=\"margin: 0in 0in 0.0001pt; text-align: justify; line-height: 13.5pt; vertical-align: baseline; outline: 0px;\"><span style=\"font-size: 9pt; font-family: Tahoma, sans-serif;\">Le 4\u00a0juillet 1994,<span class=\"apple-converted-space\">\u00a0<\/span><a style=\"outline: 0px; font-style: inherit;\" href=\"http:\/\/www.jeuneafrique.com\/Article\/ARTJAWEB20140423122127\/\" target=\"_blank\"><span style=\"color: #c10418; border: 1pt none windowtext; padding: 0in; text-decoration: none;\">le FPR, avec Paul Kagam\u00e9 \u00e0 sa t\u00eate, finit par faire tomber le r\u00e9gime hutu<\/span><\/a><span class=\"apple-converted-space\">\u00a0<\/span>et met fin \u00e0 l&#8217;effroyable g\u00e9nocide des Tutsis. Kigeli\u00a0V croit l&#8217;heure de son retour proche. Une rencontre est organis\u00e9e deux ans plus tard \u00e0 Washington avec Kagam\u00e9, alors vice-pr\u00e9sident &#8211;\u00a0mais v\u00e9ritable chef du FPR et du pays. &#8220;Kagam\u00e9 lui a dit qu&#8217;il pouvait rentrer au pays comme simple citoyen, soutient Benzinge, qui \u00e9tait pr\u00e9sent lors de cet entretien. Le roi voulait que Kagam\u00e9 demande aux Rwandais s&#8217;ils voulaient de lui comme monarque.&#8221;<\/span><\/p>\n<p style=\"margin: 0in 0in 7.5pt; text-align: justify; line-height: 13.5pt; vertical-align: baseline; outline: 0px;\"><span style=\"font-size: 9pt; font-family: Tahoma, sans-serif;\">Vainqueur incontest\u00e9 de la guerre, Kagam\u00e9 n&#8217;a alors aucun int\u00e9r\u00eat \u00e0 s&#8217;embarrasser d&#8217;un ancien roi en prenant le risque de raviver les vieilles divisions de son camp. Ce sera non. Et cela n&#8217;a pas chang\u00e9 depuis. &#8220;Le pr\u00e9sident ne veut plus entendre parler de lui&#8221;, tranche un proche du pr\u00e9sident.<\/span><\/p>\n<p style=\"margin: 0in 0in 7.5pt; text-align: justify; line-height: 13.5pt; vertical-align: baseline; outline: 0px;\"><span style=\"font-size: 9pt; font-family: Tahoma, sans-serif;\">Que repr\u00e9sentent encore les monarchistes dans le Rwanda d&#8217;aujourd&#8217;hui ? Difficile de le savoir : ils ne disposent d&#8217;aucun parti l\u00e9gal. L&#8217;activisme de certains les a d&#8217;ailleurs conduits \u00e0 la prison ou \u00e0 l&#8217;exil. En tout \u00e9tat de cause, dans un pays o\u00f9 la majorit\u00e9 des habitants a moins de 20\u00a0ans, rares sont ceux qui ont connu Kigeli. Mais celui-ci affirme qu&#8217;il s&#8217;entretient r\u00e9guli\u00e8rement avec ses partisans, m\u00eame \u00e0 l&#8217;int\u00e9rieur du pays&#8230; et n&#8217;a pas tout \u00e0 fait renonc\u00e9 \u00e0 revenir un jour.<\/span><\/p>\n<p style=\"margin: 0in 0in 7.5pt; text-align: justify; line-height: 13.5pt; vertical-align: baseline; outline: 0px;\"><span style=\"font-size: 9pt; font-family: Tahoma, sans-serif;\">Il consulte, y compris des membres du Congr\u00e8s national rwandais (RNC), ce mouvement d&#8217;opposition fond\u00e9 par des dissidents du FPR en exil, que le pouvoir soup\u00e7onne de vouloir fomenter un coup d&#8217;\u00c9tat. &#8220;Le roi est le p\u00e8re de tous les Rwandais, justifie Benzinge. Il n&#8217;est membre d&#8217;aucun parti et ne peut refuser de s&#8217;entretenir avec eux, quelle que soit leur appartenance politique.&#8221;<\/span><\/p>\n<p style=\"margin: 0in 0in 7.5pt; text-align: justify; line-height: 13.5pt; vertical-align: baseline; outline: 0px;\"><span style=\"font-size: 9pt; font-family: Tahoma, sans-serif;\">Il n&#8217;emp\u00eache, \u00e0 son \u00e2ge, ses chances de revoir un jour le Rwanda paraissent bien minces. Il n&#8217;a pas d&#8217;enfants et l&#8217;id\u00e9e m\u00eame de monarchie pourrait bien dispara\u00eetre avec lui. \u00c0 moins que les Birus se r\u00e9unissent de nouveau \u00e0 sa mort pour lui d\u00e9signer un successeur. Ces derniers existent-ils encore et, si oui, o\u00f9 se trouvent-ils ? &#8220;Je ne le sais pas moi-m\u00eame, l\u00e2che Benzinge. Personne n&#8217;a le droit de le savoir.&#8221;<\/span><\/p>\n<p style=\"margin: 0in 0in 7.5pt; text-align: justify; line-height: 13.5pt; vertical-align: baseline; outline: 0px;\"><span style=\"font-size: 9pt; font-family: Tahoma, sans-serif;\"><\/span><\/p>\n","protected":false},"excerpt":{"rendered":"<p>Rwanda : Sa Majest\u00e9 Kigeli V, roi sans royaume. Il est le dernier monarque du pays des Mille Collines. En exil depuis plus de cinquante ans, Sa Majest\u00e9 Kigeli\u00a0V n&#8217;a toujours pas renonc\u00e9 \u00e0 revenir un jour sur sa terre natale. C&#8217;est un lotissement typique des banlieues am\u00e9ricaines dans la lointaine p\u00e9riph\u00e9rie de Washington. Les<\/p>\n","protected":false},"author":1,"featured_media":4802,"comment_status":"open","ping_status":"open","sticky":false,"template":"","format":"standard","meta":{"_bbp_topic_count":0,"_bbp_reply_count":0,"_bbp_total_topic_count":0,"_bbp_total_reply_count":0,"_bbp_voice_count":0,"_bbp_anonymous_reply_count":0,"_bbp_topic_count_hidden":0,"_bbp_reply_count_hidden":0,"_bbp_forum_subforum_count":0,"footnotes":""},"categories":[1],"tags":[],"class_list":["post-1721","post","type-post","status-publish","format-standard","has-post-thumbnail","hentry","category-uncategorized"],"_links":{"self":[{"href":"https:\/\/egretnews.com\/index.php\/wp-json\/wp\/v2\/posts\/1721","targetHints":{"allow":["GET"]}}],"collection":[{"href":"https:\/\/egretnews.com\/index.php\/wp-json\/wp\/v2\/posts"}],"about":[{"href":"https:\/\/egretnews.com\/index.php\/wp-json\/wp\/v2\/types\/post"}],"author":[{"embeddable":true,"href":"https:\/\/egretnews.com\/index.php\/wp-json\/wp\/v2\/users\/1"}],"replies":[{"embeddable":true,"href":"https:\/\/egretnews.com\/index.php\/wp-json\/wp\/v2\/comments?post=1721"}],"version-history":[{"count":2,"href":"https:\/\/egretnews.com\/index.php\/wp-json\/wp\/v2\/posts\/1721\/revisions"}],"predecessor-version":[{"id":4803,"href":"https:\/\/egretnews.com\/index.php\/wp-json\/wp\/v2\/posts\/1721\/revisions\/4803"}],"wp:featuredmedia":[{"embeddable":true,"href":"https:\/\/egretnews.com\/index.php\/wp-json\/wp\/v2\/media\/4802"}],"wp:attachment":[{"href":"https:\/\/egretnews.com\/index.php\/wp-json\/wp\/v2\/media?parent=1721"}],"wp:term":[{"taxonomy":"category","embeddable":true,"href":"https:\/\/egretnews.com\/index.php\/wp-json\/wp\/v2\/categories?post=1721"},{"taxonomy":"post_tag","embeddable":true,"href":"https:\/\/egretnews.com\/index.php\/wp-json\/wp\/v2\/tags?post=1721"}],"curies":[{"name":"wp","href":"https:\/\/api.w.org\/{rel}","templated":true}]}}