{"id":1241,"date":"2017-06-19T14:50:11","date_gmt":"2017-06-19T14:50:11","guid":{"rendered":"https:\/\/egretnews.com\/new\/?p=1241"},"modified":"2017-07-14T07:40:16","modified_gmt":"2017-07-14T07:40:16","slug":"leotard-demande-la-levee-du-secret-defense","status":"publish","type":"post","link":"https:\/\/egretnews.com\/index.php\/2017\/06\/19\/leotard-demande-la-levee-du-secret-defense\/","title":{"rendered":"L\u00e9otard demande la lev\u00e9e du secret d\u00e9fense."},"content":{"rendered":"<h1 style=\"margin: 3.75pt 0in; line-height: 16.5pt; vertical-align: baseline;\"><span style=\"font-size: 15pt; color: #610b0c; border: 1pt none windowtext; padding: 0in; font-weight: normal;\"><span style=\"color: #610b0c; text-decoration: none;\"><a href=\"http:\/\/www.jeuneafrique.com\/Article\/ARTJAWEB20140630163509\/genocide-rwandais-operation-turquoise-francois-leotard-genocide-au-rwanda-france-genocide-des-tutsis-au-rwanda-francois-leotard-demande-la-levee-du-secret-defense.html\">France &#8211; G\u00e9nocide des Tutsis au Rwanda : Fran\u00e7ois L\u00e9otard demande la lev\u00e9e du secret d\u00e9fense<\/a>.<\/span><\/span><\/h1>\n<p style=\"margin-bottom: 0.0001pt; text-align: justify; vertical-align: baseline;\"><b><span style=\"font-family: Tahoma, sans-serif; color: #323232; border: 1pt none windowtext; padding: 0in;\">L&#8217;ex-ministre fran\u00e7ais, Fran\u00e7ois L\u00e9otard.<\/span><\/b><span class=\"apple-converted-space\"><b><span style=\"font-size: 9pt; font-family: Tahoma, sans-serif; color: #323232;\">\u00a0<\/span><\/b><\/span><span class=\"copyright\"><b><span style=\"font-family: Tahoma, sans-serif; color: #323232; border: 1pt none windowtext; padding: 0in;\"><span style=\"outline: 0px;\">\u00a9 AFP<\/span><\/span><\/b><\/span><\/p>\n<p style=\"margin-bottom: 0.0001pt; text-align: justify; vertical-align: baseline;\"><span style=\"font-family: Tahoma, sans-serif;\">\u00a0Fran\u00e7ois L\u00e9otard, ex-ministre fran\u00e7ais de la D\u00e9fense au moment du g\u00e9nocide des Tutsis au Rwanda en 1994, s\u2019est prononc\u00e9 en faveur de la lev\u00e9e du secret d\u00e9fense des archives, au cours d\u2019un colloque organis\u00e9 par l\u2019association RBF France &#8211; Forum de la m\u00e9moire. Il a en outre reconnu que l\u2019op\u00e9ration turquoise avait pour objectif de soutenir les Forces arm\u00e9es rwandaises.<\/span><\/p>\n<hr id=\"system-readmore\" class=\"mceItemReadMore\" \/>\n<p style=\"margin-bottom: 0.0001pt; text-align: justify; vertical-align: baseline;\"><span style=\"font-family: Tahoma, sans-serif;\">C\u2019est la surprise d\u2019<a href=\"http:\/\/www.jeuneafrique.com\/Article\/ARTJAWEB20140630095653\/\"><span style=\"color: black; text-decoration: none;\">un d\u00e9bat tr\u00e8s attendu<\/span><\/a>. Fran\u00e7ois L\u00e9otard, ministre fran\u00e7ais de la D\u00e9fense au moment du g\u00e9nocide des Tutsis au Rwanda en 1994, s\u2019est prononc\u00e9 pour la lev\u00e9e du secret d\u00e9fense sur les archives de l\u2019arm\u00e9e fran\u00e7aise \u00e0 cette \u00e9poque.<\/span><\/p>\n<p style=\"margin-bottom: 0.0001pt; text-align: justify; vertical-align: baseline;\"><span style=\"font-family: Tahoma, sans-serif;\">\u00a0<\/span><\/p>\n<p style=\"margin-bottom: 0.0001pt; text-align: justify; vertical-align: baseline;\"><span style=\"font-family: Tahoma, sans-serif;\">&#8220;Nous pouvons aller le demander \u00e0 [Jean-Yves] Le Drian &#8220;, l\u2019actuel ministre fran\u00e7ais de la D\u00e9fense, a-t-il m\u00eame propos\u00e9 \u00e0 Bernard Kouchner, ancien ministre fran\u00e7ais des Affaires \u00e9trang\u00e8res, \u00e0 qui il \u00e9tait oppos\u00e9.<\/span><\/p>\n<p><span style=\"font-size: 15pt; color: #610b0c; border: 1pt none windowtext; padding: 0in; font-weight: normal;\"><span style=\"color: #610b0c; text-decoration: none;\"><img loading=\"lazy\" decoding=\"async\" style=\"float: left;\" src=\"\/images\/France.jpg\" width=\"150\" height=\"132\" \/><\/span><\/span><\/p>\n<p style=\"margin-bottom: 0.0001pt; text-align: justify; vertical-align: baseline;\">\n<p style=\"margin-bottom: 0.0001pt; text-align: justify; vertical-align: baseline;\">\n<p style=\"margin-bottom: 0.0001pt; text-align: justify; vertical-align: baseline;\">\n<p style=\"margin-bottom: 0.0001pt; text-align: justify; vertical-align: baseline;\"><span style=\"font-family: Tahoma, sans-serif;\">Le statut d\u2019ancien ministre de la D\u00e9fense ne conf\u00e8re aucun pouvoir particulier \u00e0 L\u00e9otard pour obtenir cette d\u00e9cision. Mais il donne un poids particulier \u00e0 une demande qui \u00e9tait, jusque-l\u00e0, port\u00e9e par des associations et ONG, notamment de rescap\u00e9s, critiques du r\u00f4le de l\u2019arm\u00e9e Fran\u00e7aise au Rwanda en 1994. Il est le premier haut responsable fran\u00e7ais de l\u2019\u00e9poque \u00e0 s\u2019exprimer en ce sens.<\/span><\/p>\n<p style=\"margin-bottom: 0.0001pt; text-align: justify; vertical-align: baseline;\"><span style=\"font-family: Tahoma, sans-serif;\">\u00a0<\/span><\/p>\n<p style=\"margin-bottom: 0.0001pt; text-align: justify; vertical-align: baseline;\"><span style=\"font-family: Tahoma, sans-serif;\">&#8220;Je joindrais mes efforts, bien s\u00fbr aux victimes, aux enfants et parents de victimes, mais aussi \u00e0 toutes les associations qui le souhaitent, pour que toutes les archives soient ouvertes, publi\u00e9es, a-t-il pr\u00e9cis\u00e9 devant des journalistes au sortir du d\u00e9bat. Nous avons d\u00e9j\u00e0 les archives du conseil restreint de l\u2019\u00c9lys\u00e9e. C\u2019est \u00e0 mon avis une grande premi\u00e8re dans l\u2019histoire politique fran\u00e7aise. Il faut \u00e9galement celles du minist\u00e8re de la D\u00e9fense, celles des instructions qui ont \u00e9t\u00e9 donn\u00e9es aux unit\u00e9s. Je les assume, encore une fois (&#8230;) Mais je ne laisserai jamais ternir la r\u00e9putation d\u2019une force militaire qui s\u2019est trouv\u00e9e engag\u00e9e toute seule [\u2026] dans une op\u00e9ration extr\u00eamement d\u00e9licate, qui a sauv\u00e9 des dizaines de milliers de vies humaines.&#8221;<\/span><\/p>\n<p style=\"margin-bottom: 0.0001pt; text-align: justify; vertical-align: baseline;\"><span style=\"font-family: Tahoma, sans-serif;\">\u00a0<\/span><\/p>\n<p style=\"margin-bottom: 0.0001pt; text-align: justify; vertical-align: baseline;\"><span style=\"font-family: Tahoma, sans-serif;\">Interrog\u00e9 sur les objectifs militaires de la controvers\u00e9e op\u00e9ration fran\u00e7aise turquoise, il a reconnu un &#8220;soutien li\u00e9 par les accords que la France avait pass\u00e9 et qui consistait tout simplement \u00e0 faire en sorte que ne s\u2019effondre pas la force qu\u2019on consid\u00e9rait comme la force principale \u00e0 l\u2019\u00e9poque &#8211; [\u2026] les forces arm\u00e9es rwandaises -, qui si elle s\u2019effondrait, donnerait imm\u00e9diatement naissance [\u2026] \u00e0 des violences et des massacres. C\u2019est exactement ce qui s\u2019est pass\u00e9&#8221;, ajoutant qu\u2019\u00e0 l\u2019\u00e9poque, Paris \u00e9tait &#8220;inquiet de l\u2019\u00e9ventuelle prise de Kigali&#8221;.<\/span><\/p>\n<p style=\"margin-bottom: 0.0001pt; text-align: justify; vertical-align: baseline;\"><span style=\"font-family: Tahoma, sans-serif;\">\u00a0<\/span><\/p>\n<p style=\"margin-bottom: 0.0001pt; text-align: justify; vertical-align: baseline;\"><span style=\"font-family: Tahoma, sans-serif;\">Pour le reste, les positions des deux t\u00eates d\u2019affiche ont \u00e9t\u00e9 conformes aux convictions qu\u2019on leur connaissait. Kouchner a \u00e9t\u00e9 le procureur prudent de l\u2019action de la France au Rwanda, \u00e9voquant &#8220;une tr\u00e8s grande faute politique&#8221; et d\u00e9clarant encore que &#8220;laisser passer le gouvernement g\u00e9nocidaire [au Za\u00efre], c\u2019\u00e9tait difficile \u00e0 avaler&#8221;.<\/span><\/p>\n<p style=\"margin-bottom: 0.0001pt; text-align: justify; vertical-align: baseline;\"><span style=\"font-family: Tahoma, sans-serif;\">\u00a0<\/span><\/p>\n<p style=\"margin-bottom: 0.0001pt; text-align: justify; vertical-align: baseline;\"><span style=\"font-family: Tahoma, sans-serif;\">Quand \u00e0 L\u00e9otard, qui faisait face \u00e0 un public globalement hostile dans une salle pleine, il a camp\u00e9 sur ses positions (&#8220;je d\u00e9fendrai mon pays, sur ce sujet-l\u00e0 comme sur d\u2019autres&#8221;, a-t-il affirm\u00e9) m\u00eame si ses diverses d\u00e9clarations ont parfois sembl\u00e9 contradictoires. Ainsi, apr\u00e8s avoir en pr\u00e9ambule assum\u00e9 toute la responsabilit\u00e9 de la controvers\u00e9e op\u00e9ration militaro-humanitaire turquoise (&#8220;l\u2019op\u00e9ration turquoise, c\u2019est moi&#8221;, a-t-il d\u00e9clar\u00e9), il a affirm\u00e9 avoir \u00e9t\u00e9 &#8220;un des rares&#8221; \u00e0 avoir \u00e9mis des r\u00e9serves sur cette op\u00e9ration. L&#8217;ancien ministre a en outre conseill\u00e9 la lecture du &#8220;professeur [Bernard] Lugan&#8221;, historien d\u2019extr\u00eame droite aux th\u00e8ses tr\u00e8s contest\u00e9es sur le g\u00e9nocide (qui affirme, par exemple, que celui-ci n\u2019a pas \u00e9t\u00e9 planifi\u00e9).<\/span><\/p>\n<p style=\"text-align: center; vertical-align: baseline;\" align=\"center\">\n<p>&nbsp;<\/p>\n<h1 style=\"margin: 3.75pt 0in; line-height: 16.5pt; vertical-align: baseline;\"><span style=\"font-size: 15pt; color: #610b0c; border: 1pt none windowtext; padding: 0in; font-weight: normal;\"><a href=\"http:\/\/www.jeuneafrique.com\/Article\/ARTJAWEB20140630163509\/genocide-rwandais-operation-turquoise-francois-leotard-genocide-au-rwanda-france-genocide-des-tutsis-au-rwanda-francois-leotard-demande-la-levee-du-secret-defense.html\"><span style=\"color: #610b0c; text-decoration: none;\">France &#8211; G\u00e9nocide des Tutsis au Rwanda : Fran\u00e7ois L\u00e9otard demande la lev\u00e9e du secret d\u00e9fense<\/span><\/a><\/span><\/h1>\n<p style=\"text-align: justify; vertical-align: baseline;\"><span style=\"font-size: 7.5pt; line-height: 115%;\">\u00a0<\/span><\/p>\n<p><span style=\"font-size: 7.5pt; line-height: 115%; font-family: Tahoma, sans-serif; border: 1pt none windowtext; padding: 0in;\"><br \/>\n<\/span><\/p>\n","protected":false},"excerpt":{"rendered":"<p>France &#8211; G\u00e9nocide des Tutsis au Rwanda : Fran\u00e7ois L\u00e9otard demande la lev\u00e9e du secret d\u00e9fense. L&#8217;ex-ministre fran\u00e7ais, Fran\u00e7ois L\u00e9otard.\u00a0\u00a9 AFP \u00a0Fran\u00e7ois L\u00e9otard, ex-ministre fran\u00e7ais de la D\u00e9fense au moment du g\u00e9nocide des Tutsis au Rwanda en 1994, s\u2019est prononc\u00e9 en faveur de la lev\u00e9e du secret d\u00e9fense des archives, au cours d\u2019un colloque organis\u00e9<\/p>\n","protected":false},"author":1,"featured_media":0,"comment_status":"open","ping_status":"open","sticky":false,"template":"","format":"standard","meta":{"_bbp_topic_count":0,"_bbp_reply_count":0,"_bbp_total_topic_count":0,"_bbp_total_reply_count":0,"_bbp_voice_count":0,"_bbp_anonymous_reply_count":0,"_bbp_topic_count_hidden":0,"_bbp_reply_count_hidden":0,"_bbp_forum_subforum_count":0,"footnotes":""},"categories":[1],"tags":[],"class_list":["post-1241","post","type-post","status-publish","format-standard","hentry","category-uncategorized"],"_links":{"self":[{"href":"https:\/\/egretnews.com\/index.php\/wp-json\/wp\/v2\/posts\/1241","targetHints":{"allow":["GET"]}}],"collection":[{"href":"https:\/\/egretnews.com\/index.php\/wp-json\/wp\/v2\/posts"}],"about":[{"href":"https:\/\/egretnews.com\/index.php\/wp-json\/wp\/v2\/types\/post"}],"author":[{"embeddable":true,"href":"https:\/\/egretnews.com\/index.php\/wp-json\/wp\/v2\/users\/1"}],"replies":[{"embeddable":true,"href":"https:\/\/egretnews.com\/index.php\/wp-json\/wp\/v2\/comments?post=1241"}],"version-history":[{"count":3,"href":"https:\/\/egretnews.com\/index.php\/wp-json\/wp\/v2\/posts\/1241\/revisions"}],"predecessor-version":[{"id":5261,"href":"https:\/\/egretnews.com\/index.php\/wp-json\/wp\/v2\/posts\/1241\/revisions\/5261"}],"wp:attachment":[{"href":"https:\/\/egretnews.com\/index.php\/wp-json\/wp\/v2\/media?parent=1241"}],"wp:term":[{"taxonomy":"category","embeddable":true,"href":"https:\/\/egretnews.com\/index.php\/wp-json\/wp\/v2\/categories?post=1241"},{"taxonomy":"post_tag","embeddable":true,"href":"https:\/\/egretnews.com\/index.php\/wp-json\/wp\/v2\/tags?post=1241"}],"curies":[{"name":"wp","href":"https:\/\/api.w.org\/{rel}","templated":true}]}}